{"id":13600,"date":"2022-06-15T16:05:18","date_gmt":"2022-06-15T20:05:18","guid":{"rendered":"https:\/\/www.agencetopo.qc.ca\/wp\/?p=13600"},"modified":"2022-10-25T11:44:37","modified_gmt":"2022-10-25T15:44:37","slug":"frontiere-reflexion-artistique-et-theorique","status":"publish","type":"post","link":"https:\/\/www.agencetopo.qc.ca\/wp\/en\/frontiere-reflexion-artistique-et-theorique\/","title":{"rendered":"[:fr]<em>FRONTI\u00c8RE | R\u00e9flexion artistique et th\u00e9orique<\/em>[:]"},"content":{"rendered":"<p class=\"qtranxs-available-languages-message qtranxs-available-languages-message-en\">Sorry, this entry is only available in <a href=\"https:\/\/www.agencetopo.qc.ca\/wp\/fr\/wp-json\/wp\/v2\/posts\/13600\" class=\"qtranxs-available-language-link qtranxs-available-language-link-fr\" title=\"FR\">French<\/a>. For the sake of viewer convenience, the content is shown below in the alternative language. You may click the link to switch the active language.<\/p><p><strong>FRONTI\u00c8RE | R\u00e9flexion artistique et th\u00e9orique<\/strong>, se pr\u00e9sente sous deux formes. Une publication papier qui, telle une carte g\u00e9ographique, nous prom\u00e8ne le long des fronti\u00e8res, retrace les oeuvres des 10 artistes expos\u00e9s par TOPO au cours de sa programmation Fronti\u00e8re, et se prolonge sur le web avec des essais et du contenu multim\u00e9dia (photos, vid\u00e9os et balados).<\/p>\n<p>&nbsp;<\/p>\n<p>C\u2019est sous le th\u00e8me de la fronti\u00e8re que TOPO a r\u00e9alis\u00e9 un cycle d\u2019expositions et de projets en ligne, de 2019 \u00e0 2022. Ancr\u00e9e dans l\u2019histoire de l\u2019humanit\u00e9 et toujours criante d\u2019actualit\u00e9, la th\u00e9matique regroupe plusieurs questionnements port\u00e9s par TOPO, tant politiques et sociaux que technologiques.<\/p>\n<p>La programmation Fronti\u00e8re comprend trois cycles th\u00e9matiques auxquels ont \u00e9t\u00e9 associ\u00e9es trois autrices et historiennes de l\u2019art : <strong>Nuria Carton de Grammont<\/strong>,<strong> Paule Mackrous<\/strong> et<strong> Mirna Abiad-Boyadjian<\/strong>. Afin d\u2019enrichir la r\u00e9flexion, quatre autres sp\u00e9cialistes y abordent plus largement la notion de fronti\u00e8re selon diff\u00e9rentes approches li\u00e9es \u00e0 leur champ de recherche : <strong>Ricard Zapata Barrero<\/strong> (politique), <strong>Chantal Pontbriand<\/strong> (esth\u00e9tique), <strong>Jean-Dominique Leccia<\/strong> (psychiatrique) et <strong>David Jhave Johnston<\/strong> (technologique).<\/p>\n<h4><a href=\"http:\/\/www.agencetopo.qc.ca\/wp\/events\/category\/frontiere\/\" target=\"_blank\" rel=\"noopener\">Plus de d\u00e9tails sur la programmation Fronti\u00e8re<\/a><\/h4>\n<h4><a href=\"https:\/\/www.agencetopo.qc.ca\/wp\/formulaire-dinscription-reception-de-la-publication-frontiere\/\">Recevez gratuitement la version papier<\/a><\/h4>\n<h4><a href=\"https:\/\/www.topo.art\/frontiere\">Visiter le site<\/a><\/h4>\n<p>&nbsp;<\/p>\n<h4><strong>CR\u00c9DITS<\/strong><\/h4>\n<h4><\/h4>\n<p><strong>\u00c9dition<\/strong> : Agence TOPO &#8211; Centre de cr\u00e9ation num\u00e9rique<br \/>\n<strong>Direction<\/strong> : Eva Quintas, Michel Lefebvre<br \/>\n<strong>Comit\u00e9 artistique (Fronti\u00e8re)<\/strong> : Sylvain Aub\u00e9, Dominique Fontaine, Jean Gagnon, Michel Lefebvre, Paule Mackrous, Eva Quintas<br \/>\n<strong>Textes<\/strong> : Mirna Abiad-Boyadjian, Nuria Carton de Grammont, David Jhave Johnston, Jean-Dominique Leccia, Paule Mackrous, Chantal Pontbriand, Ricard Zapata Barrero<br \/>\n<strong>R\u00e9vision<\/strong> : Timothy Barnard, Am\u00e9lie Hamel, Michel Lefebvre<br \/>\n<strong>Traduction<\/strong> : Timothy Barnard, Claude Chevalot, C\u00e9line Flahault, K\u00e4the Roth<br \/>\n<strong>Conception graphique<\/strong> : Roxane Michel<br \/>\n<strong>Conseill\u00e8re \u00e0 l&#8217;\u00e9dition<\/strong> : Isabelle Gagn\u00e9<br \/>\n<strong>Balados<\/strong> : Sylvain Aub\u00e9<br \/>\n<strong>Photo et vid\u00e9o<\/strong> : Maxime-Alexandre Gosselin<br \/>\n<strong>Conception web<\/strong> : Maxime-Alexandre Gosselin<br \/>\n<strong>Merci au conseil d&#8217;administration de TOPO (2019-2022)<\/strong> :<br \/>\nMyriam Benzakour-Durand, Marie-\u00c8ve Berlinger, Ghassan Fayad, Gabriel Galvis, Michel Jolicoeur, Julien-Robert Legault-Salvail, St\u00e9phanie Morissette, Eva Quintas, Elody Sanchis, Louis-Richard Tremblay.<\/p>","protected":false},"excerpt":{"rendered":"<p>Sorry, this entry is only available in French. For the sake of viewer convenience, the content is shown below in the alternative language. You may click the link to switch the active language.FRONTI\u00c8RE | R\u00e9flexion artistique et th\u00e9orique, se pr\u00e9sente sous deux formes. Une publication papier qui, telle une carte g\u00e9ographique, nous prom\u00e8ne le long <a class=\"read-more\" href=\"https:\/\/www.agencetopo.qc.ca\/wp\/en\/frontiere-reflexion-artistique-et-theorique\/\">Read more &raquo;<\/a><\/p>\n","protected":false},"author":2,"featured_media":13603,"comment_status":"closed","ping_status":"closed","sticky":false,"template":"","format":"standard","meta":{"ngg_post_thumbnail":0},"categories":[7,5,9],"tags":[],"yoast_head":"<!-- This site is optimized with the Yoast SEO plugin v16.5 - https:\/\/yoast.com\/wordpress\/plugins\/seo\/ -->\n<title>TOPO &bull; FRONTI\u00c8RE | R\u00e9flexion artistique et th\u00e9orique<\/title>\n<meta name=\"robots\" content=\"index, follow, max-snippet:-1, max-image-preview:large, max-video-preview:-1\" \/>\n<link rel=\"canonical\" href=\"https:\/\/www.agencetopo.qc.ca\/wp\/frontiere-reflexion-artistique-et-theorique\/\" \/>\n<meta property=\"og:locale\" content=\"en_US\" \/>\n<meta property=\"og:type\" content=\"article\" \/>\n<meta property=\"og:title\" content=\"TOPO &bull; FRONTI\u00c8RE | R\u00e9flexion artistique et th\u00e9orique\" \/>\n<meta property=\"og:description\" content=\"Sorry, this entry is only available in French. For the sake of viewer convenience, the content is shown below in the alternative language. You may click the link to switch the active language.FRONTI\u00c8RE | R\u00e9flexion artistique et th\u00e9orique, se pr\u00e9sente sous deux formes. Une publication papier qui, telle une carte g\u00e9ographique, nous prom\u00e8ne le long Lire la suiteRead more &raquo;\" \/>\n<meta property=\"og:url\" content=\"https:\/\/www.agencetopo.qc.ca\/wp\/frontiere-reflexion-artistique-et-theorique\/\" \/>\n<meta property=\"og:site_name\" content=\"TOPO\" \/>\n<meta property=\"article:publisher\" content=\"https:\/\/www.facebook.com\/topomtl\" \/>\n<meta property=\"article:published_time\" content=\"2022-06-15T20:05:18+00:00\" \/>\n<meta property=\"article:modified_time\" content=\"2022-10-25T15:44:37+00:00\" \/>\n<meta property=\"og:image\" content=\"https:\/\/www.agencetopo.qc.ca\/wp\/wp-content\/uploads\/2022\/06\/frontiere3-2.png\" \/>\n\t<meta property=\"og:image:width\" content=\"1200\" \/>\n\t<meta property=\"og:image:height\" content=\"800\" \/>\n<meta name=\"twitter:card\" content=\"summary\" \/>\n<meta name=\"twitter:creator\" content=\"@TOPO_mtl\" \/>\n<meta name=\"twitter:site\" content=\"@TOPO_mtl\" \/>\n<meta name=\"twitter:label1\" content=\"Est. reading time\" \/>\n\t<meta name=\"twitter:data1\" content=\"2 minutes\" \/>\n<!-- \/ Yoast SEO plugin. -->","_links":{"self":[{"href":"https:\/\/www.agencetopo.qc.ca\/wp\/en\/wp-json\/wp\/v2\/posts\/13600"}],"collection":[{"href":"https:\/\/www.agencetopo.qc.ca\/wp\/en\/wp-json\/wp\/v2\/posts"}],"about":[{"href":"https:\/\/www.agencetopo.qc.ca\/wp\/en\/wp-json\/wp\/v2\/types\/post"}],"author":[{"embeddable":true,"href":"https:\/\/www.agencetopo.qc.ca\/wp\/en\/wp-json\/wp\/v2\/users\/2"}],"replies":[{"embeddable":true,"href":"https:\/\/www.agencetopo.qc.ca\/wp\/en\/wp-json\/wp\/v2\/comments?post=13600"}],"version-history":[{"count":5,"href":"https:\/\/www.agencetopo.qc.ca\/wp\/en\/wp-json\/wp\/v2\/posts\/13600\/revisions"}],"predecessor-version":[{"id":13677,"href":"https:\/\/www.agencetopo.qc.ca\/wp\/en\/wp-json\/wp\/v2\/posts\/13600\/revisions\/13677"}],"wp:featuredmedia":[{"embeddable":true,"href":"https:\/\/www.agencetopo.qc.ca\/wp\/en\/wp-json\/wp\/v2\/media\/13603"}],"wp:attachment":[{"href":"https:\/\/www.agencetopo.qc.ca\/wp\/en\/wp-json\/wp\/v2\/media?parent=13600"}],"wp:term":[{"taxonomy":"category","embeddable":true,"href":"https:\/\/www.agencetopo.qc.ca\/wp\/en\/wp-json\/wp\/v2\/categories?post=13600"},{"taxonomy":"post_tag","embeddable":true,"href":"https:\/\/www.agencetopo.qc.ca\/wp\/en\/wp-json\/wp\/v2\/tags?post=13600"}],"curies":[{"name":"wp","href":"https:\/\/api.w.org\/{rel}","templated":true}]}}