{"id":272,"date":"2001-11-12T10:35:40","date_gmt":"2001-11-12T15:35:40","guid":{"rendered":"http:\/\/www.agencetopo.qc.ca\/blog\/2007\/11\/12\/la-cathedrale-aveugleca\/"},"modified":"2013-04-17T13:44:45","modified_gmt":"2013-04-17T17:44:45","slug":"la-cathedrale-aveugleca","status":"publish","type":"post","link":"https:\/\/www.agencetopo.qc.ca\/wp\/en\/la-cathedrale-aveugleca\/","title":{"rendered":"La cath\u00e9drale aveugle"},"content":{"rendered":"<p>The collected poems Les Murs des plan\u00e8tes open doors to a universe where words collide into powerful and troubling images. The cd rom La Cath\u00e9drale aveugle drives the reader into a visual and auditory aesthetic experience inspired by the book\u2019s poems.<\/p>\n<p>AUTHORS<br \/>\n\u2022 Texts, artwork and animation<br \/>\nOllivier Dyens<\/p>\n<p>\u2022 Music<br \/>\nLa Compagnie musicale La Nef<\/p>\n<p>PRODUCTION<br \/>\nOllivier Dyens, 2001<br \/>\nOriginal French Version\/ Macintosh\u2122 and Windows\u2122<\/p>\n<p>Excerpt:<br \/>\n<a href=\"http:\/\/www.chairetmetal.com\/masters\">http:\/\/www.chairetmetal.com\/masters<\/a><\/p>\n<p>PUBLISHING<br \/>\nVLB \u00c9diteur ,2001<br \/>\nISBN 2-89005-802-6<\/p>\n<p>Sales price: 25 $ CAN<\/p>","protected":false},"excerpt":{"rendered":"<p>The collected poems Les Murs des plan\u00e8tes open doors to a universe where words collide into powerful and troubling images. The cd rom La Cath\u00e9drale aveugle drives the reader into a visual and auditory aesthetic experience inspired by the book\u2019s poems. AUTHORS \u2022 Texts, artwork and animation Ollivier Dyens \u2022 Music La Compagnie musicale La <a class=\"read-more\" href=\"https:\/\/www.agencetopo.qc.ca\/wp\/en\/la-cathedrale-aveugleca\/\">Read more &raquo;<\/a><\/p>\n","protected":false},"author":2,"featured_media":1260,"comment_status":"closed","ping_status":"closed","sticky":false,"template":"","format":"standard","meta":{"ngg_post_thumbnail":0},"categories":[33],"tags":[],"yoast_head":"<!-- This site is optimized with the Yoast SEO plugin v16.5 - https:\/\/yoast.com\/wordpress\/plugins\/seo\/ -->\n<title>TOPO &bull; La cath\u00e9drale aveugle<\/title>\n<meta name=\"robots\" content=\"index, follow, max-snippet:-1, max-image-preview:large, max-video-preview:-1\" \/>\n<link rel=\"canonical\" href=\"https:\/\/www.agencetopo.qc.ca\/wp\/en\/la-cathedrale-aveugleca\/\" \/>\n<meta property=\"og:locale\" content=\"en_US\" \/>\n<meta property=\"og:type\" content=\"article\" \/>\n<meta property=\"og:title\" content=\"TOPO &bull; La cath\u00e9drale aveugle\" \/>\n<meta property=\"og:description\" content=\"The collected poems Les Murs des plan\u00e8tes open doors to a universe where words collide into powerful and troubling images. The cd rom La Cath\u00e9drale aveugle drives the reader into a visual and auditory aesthetic experience inspired by the book\u2019s poems. AUTHORS \u2022 Texts, artwork and animation Ollivier Dyens \u2022 Music La Compagnie musicale La Lire la suiteRead more &raquo;\" \/>\n<meta property=\"og:url\" content=\"https:\/\/www.agencetopo.qc.ca\/wp\/en\/la-cathedrale-aveugleca\/\" \/>\n<meta property=\"og:site_name\" content=\"TOPO\" \/>\n<meta property=\"article:publisher\" content=\"https:\/\/www.facebook.com\/topomtl\" \/>\n<meta property=\"article:published_time\" content=\"2001-11-12T15:35:40+00:00\" \/>\n<meta property=\"article:modified_time\" content=\"2013-04-17T17:44:45+00:00\" \/>\n<meta property=\"og:image\" content=\"https:\/\/www.agencetopo.qc.ca\/wp\/wp-content\/uploads\/2001\/11\/dyens.jpg\" \/>\n\t<meta property=\"og:image:width\" content=\"320\" \/>\n\t<meta property=\"og:image:height\" content=\"176\" \/>\n<meta name=\"twitter:card\" content=\"summary\" \/>\n<meta name=\"twitter:creator\" content=\"@TOPO_mtl\" \/>\n<meta name=\"twitter:site\" content=\"@TOPO_mtl\" \/>\n<meta name=\"twitter:label1\" content=\"Est. reading time\" \/>\n\t<meta name=\"twitter:data1\" content=\"1 minute\" \/>\n<!-- \/ Yoast SEO plugin. -->","_links":{"self":[{"href":"https:\/\/www.agencetopo.qc.ca\/wp\/en\/wp-json\/wp\/v2\/posts\/272"}],"collection":[{"href":"https:\/\/www.agencetopo.qc.ca\/wp\/en\/wp-json\/wp\/v2\/posts"}],"about":[{"href":"https:\/\/www.agencetopo.qc.ca\/wp\/en\/wp-json\/wp\/v2\/types\/post"}],"author":[{"embeddable":true,"href":"https:\/\/www.agencetopo.qc.ca\/wp\/en\/wp-json\/wp\/v2\/users\/2"}],"replies":[{"embeddable":true,"href":"https:\/\/www.agencetopo.qc.ca\/wp\/en\/wp-json\/wp\/v2\/comments?post=272"}],"version-history":[{"count":3,"href":"https:\/\/www.agencetopo.qc.ca\/wp\/en\/wp-json\/wp\/v2\/posts\/272\/revisions"}],"predecessor-version":[{"id":1081,"href":"https:\/\/www.agencetopo.qc.ca\/wp\/en\/wp-json\/wp\/v2\/posts\/272\/revisions\/1081"}],"wp:featuredmedia":[{"embeddable":true,"href":"https:\/\/www.agencetopo.qc.ca\/wp\/en\/wp-json\/wp\/v2\/media\/1260"}],"wp:attachment":[{"href":"https:\/\/www.agencetopo.qc.ca\/wp\/en\/wp-json\/wp\/v2\/media?parent=272"}],"wp:term":[{"taxonomy":"category","embeddable":true,"href":"https:\/\/www.agencetopo.qc.ca\/wp\/en\/wp-json\/wp\/v2\/categories?post=272"},{"taxonomy":"post_tag","embeddable":true,"href":"https:\/\/www.agencetopo.qc.ca\/wp\/en\/wp-json\/wp\/v2\/tags?post=272"}],"curies":[{"name":"wp","href":"https:\/\/api.w.org\/{rel}","templated":true}]}}