{"id":9926,"date":"2019-04-16T17:15:57","date_gmt":"2019-04-16T21:15:57","guid":{"rendered":"http:\/\/www.agencetopo.qc.ca\/wp\/?p=9926"},"modified":"2020-01-13T12:06:56","modified_gmt":"2020-01-13T17:06:56","slug":"lancement-de-lapplication-vr-les-pieds-en-haut-15-avril","status":"publish","type":"post","link":"https:\/\/www.agencetopo.qc.ca\/wp\/en\/lancement-de-lapplication-vr-les-pieds-en-haut-15-avril\/","title":{"rendered":"[:fr]Lancement de l&#8217;application VR Les Pieds en Haut &#8211; 15 avril 2019[:]"},"content":{"rendered":"<p class=\"qtranxs-available-languages-message qtranxs-available-languages-message-en\">Sorry, this entry is only available in <a href=\"https:\/\/www.agencetopo.qc.ca\/wp\/fr\/wp-json\/wp\/v2\/posts\/9926\" class=\"qtranxs-available-language-link qtranxs-available-language-link-fr\" title=\"FR\">French<\/a>. For the sake of viewer convenience, the content is shown below in the alternative language. You may click the link to switch the active language.<\/p><p><\/p>\n<h2 style=\"text-align: center;\">LES PIEDS EN HAUT : VOIR LE MONDE AVEC LA SENSIBILIT\u00c9 D\u2019UN ENFANT AUTISTE<\/h2>\n<h3 style=\"text-align: center;\">Montr\u00e9al, le 15 avril 2019<\/h3>\n<p>&nbsp;<\/p>\n<img loading=\"lazy\" width=\"960\" height=\"540\" class=\"aligncenter size-full wp-image-9927\" src=\"http:\/\/www.agencetopo.qc.ca\/wp\/wp-content\/uploads\/2019\/04\/pieds_en_haut.jpg\" alt=\"\" srcset=\"https:\/\/www.agencetopo.qc.ca\/wp\/wp-content\/uploads\/2019\/04\/pieds_en_haut.jpg 960w, https:\/\/www.agencetopo.qc.ca\/wp\/wp-content\/uploads\/2019\/04\/pieds_en_haut-300x169.jpg 300w, https:\/\/www.agencetopo.qc.ca\/wp\/wp-content\/uploads\/2019\/04\/pieds_en_haut-768x432.jpg 768w, https:\/\/www.agencetopo.qc.ca\/wp\/wp-content\/uploads\/2019\/04\/pieds_en_haut-267x150.jpg 267w\" sizes=\"(max-width: 960px) 100vw, 960px\" \/>\n<p>&nbsp;<\/p>\n<p>Martine Asselin et Annick Daigneault, artistes en arts m\u00e9diatiques et toutes deux mamans d\u2019enfants autistes, lancent<strong><em> Les Pieds en haut<\/em><\/strong>, premi\u00e8re application qu\u00e9b\u00e9coise de r\u00e9alit\u00e9 virtuelle qui propose d\u2019exp\u00e9rimenter le monde selon le point de vue sensoriel d\u2019une personne autiste, <strong>le 24 avril 2019, \u00e0 13 h<\/strong>, \u00e0 l\u2019\u00e9cole publique alternative Rose-des-Vents, au 4315 Beaubien est, l\u00e0 o\u00f9 leurs enfants ont v\u00e9cu l\u2019inclusion.<\/p>\n<p>La phase I du projet, soit <em>Les pieds en haut: Mathys<\/em>, sera lanc\u00e9e sous la forme d\u2019une activit\u00e9 de sensibilisation durant laquelle le spectateur est invit\u00e9 \u00e0 se plonger dans les perceptions d\u2019un enfant autiste de 5 ans pour vivre un moment du quotidien magnifi\u00e9 par son hypersensibilit\u00e9 et focus.<\/p>\n<p>R\u00e9alis\u00e9e de mani\u00e8re totalement ind\u00e9pendante gr\u00e2ce \u00e0 la g\u00e9n\u00e9rosit\u00e9 de partenaires d\u2019exception : <em>Unlimited Vr<\/em>, Peter Wilkinson, Topo Laboratoire d\u2019\u00e9critures num\u00e9riques, Makila, cette premi\u00e8re phase du triptyque s\u2019est m\u00e9rit\u00e9e le prix Docunexion dans le cadre des RIDM, ainsi que celui du <em>Best Digital Creation Project<\/em>\u00a0\u00e0 <em>Sunny Side of the Docs<\/em>, \u00e0 La Rochelle, en France. Ce projet est appuy\u00e9 par la F\u00e9d\u00e9ration Qu\u00e9b\u00e9coise de l\u2019autisme, <em>Giant Step<\/em> et M\u00e9lanie Ouimet, neurodiversit\u00e9, l\u2019intelligence sous toutes ses formes. Dans la foul\u00e9e de la production de ce premier prototype, des ateliers de cocr\u00e9ation ont \u00e9t\u00e9 organis\u00e9s \u00e0 TOPO, centre d&#8217;artistes en arts num\u00e9riques, en 2017 et 2018, qui ont men\u00e9 \u00e0 la cr\u00e9ation de quatre autres projets de r\u00e9alit\u00e9 virtuelle, en collaboration avec Productions Spectrum, un studio de production m\u00e9diatique qui favorise l&#8217;int\u00e9gration de personnes autistes. L&#8217;une de ces cr\u00e9ations, <em>Labyrinthe atypique<\/em>, est finaliste aux prix Numix, dans la cat\u00e9gorie Oeuvre num\u00e9rique.<\/p>\n<p><em>Les pieds en haut<\/em> est un projet inclusif qui favorise la collaboration et la prise de parole des enfants, adolescents et adultes autistes \u00e0 toutes les phases du projet, de la sc\u00e9narisation \u00e0 la narration et au jeu cam\u00e9ra, de la recherche aux conf\u00e9rences-ateliers.<\/p>\n<p><em>\u00ab L\u2019inclusion est notre leitmotiv! Il \u00e9tait insens\u00e9 pour nous de r\u00e9aliser nos oeuvres sans collaborer avec les principaux concern\u00e9s. L\u2019autisme de mon fils m\u2019aura permis de rencontrer des dizaines d\u2019humains exceptionnels et d\u2019int\u00e9grer la richesse de la neurodiversit\u00e9 dans nos cr\u00e9ations \u00bb<\/em> &#8211; Annick<\/p>\n<p>Cette premi\u00e8re application sera suivie d\u2019autres, illustrant diff\u00e9rentes moments de la vie, de l\u2019enfance \u00e0 l\u2019\u00e2ge adulte. La prochaine, en animation 3D, est actuellement en phase de prototypage et engage le corps dans le flapping, mani\u00e9risme caract\u00e9ristique de plusieurs personnes autistes. Il sera possible d\u2019avoir un avant go\u00fbt de ce prototype sur place.<\/p>\n<p><em>\u00ab Toutes les \u00e9tapes de la vie pr\u00e9sentent des d\u00e9fis diff\u00e9rents pour les personnes autistes. Nous voulions nous-m\u00eame mieux comprendre certaines situations qu\u2019elles peuvent vivre, dans diff\u00e9rents contextes et ouvrir le dialogue. \u00bb<\/em> &#8211; Martine<\/p>\n<p>Les cr\u00e9atrices souhaitent diffuser d\u00e8s maintenant l\u2019application <em>Les pieds en haut: Mathys<\/em> en offrant des ateliers et conf\u00e9rences dans les \u00e9coles, organismes et milieux de travail, afin de favoriser une meilleure compr\u00e9hension de l\u2019autisme et de contribuer activement \u00e0 l\u2019inclusion de toutes les formes d\u2019intelligences dans la soci\u00e9t\u00e9. L\u2019argent amass\u00e9 gr\u00e2ce \u00e0 ces activit\u00e9s servira \u00e0 financer la prochaine phase de production et \u00e0 soutenir l\u2019organisme Sur le Fil, fondation pour l\u2019Inclusion qui met sur pieds des projets inclusifs pour adolescents et adultes autistes. Les journalistes sont invit\u00e9s \u00e0 assister au lancement du 24 avril \u00e0 l\u2019\u00e9cole Rose-des-Vents. Il sera possible d\u2019y essayer l\u2019application et de discuter avec les enfants pr\u00e9sents et les cr\u00e9atrices. Les cr\u00e9atrices remercient l\u2019\u00e9cole et sa communaut\u00e9 de les accueillir pour ce lancement.<\/p>\n<p>&nbsp;<\/p>\n<p>Pour confirmer votre pr\u00e9sence lors du lancement ou pour des informations concernant les ateliers disponibles et la diffusion de l\u2019oeuvre dans votre milieu, contactez: <a href=\"&#x6d;&#x61;&#x69;&#x6c;&#x74;&#111;&#58;&#108;&#101;spi&#x65;&#x64;&#x73;&#x65;&#x6e;&#x68;&#97;&#117;&#116;&#64;gm&#x61;&#x69;&#x6c;&#x2e;&#x63;&#x6f;&#109;\">&#x6c;&#101;s&#x70;&#105;e&#x64;&#115;e&#x6e;&#104;a&#x75;&#116;&#64;&#x67;&#x6d;a&#x69;&#x6c;&#46;&#x63;&#x6f;&#109;<\/a> et les <a href=\"http:\/\/lespiedsenhaut.com\/\">Pieds en haut<\/a>.<\/p>\n<p>&nbsp;<\/p>\n<p style=\"text-align: center;\"><strong>INFOS ET RSVP M\u00c9DIAS: Annick Daigneault : 514-267-1933<\/strong><\/p>\n<p style=\"text-align: center;\"><a href=\"https:\/\/vimeo.com\/245433060\">D\u00e9couvrez Mathys en formule vid\u00e9o<\/a><\/p>\n<p><\/p>","protected":false},"excerpt":{"rendered":"<p>Sorry, this entry is only available in French. For the sake of viewer convenience, the content is shown below in the alternative language. You may click the link to switch the active language. LES PIEDS EN HAUT : VOIR LE MONDE AVEC LA SENSIBILIT\u00c9 D\u2019UN ENFANT AUTISTE Montr\u00e9al, le 15 avril 2019 &nbsp; &nbsp; Martine <a class=\"read-more\" href=\"https:\/\/www.agencetopo.qc.ca\/wp\/en\/lancement-de-lapplication-vr-les-pieds-en-haut-15-avril\/\">Read more &raquo;<\/a><\/p>\n","protected":false},"author":2,"featured_media":9927,"comment_status":"closed","ping_status":"closed","sticky":false,"template":"","format":"standard","meta":{"ngg_post_thumbnail":0},"categories":[32],"tags":[],"yoast_head":"<!-- This site is optimized with the Yoast SEO plugin v16.5 - https:\/\/yoast.com\/wordpress\/plugins\/seo\/ -->\n<title>TOPO &bull; Lancement de l&#039;application VR Les Pieds en Haut - 15 avril 2019<\/title>\n<meta name=\"robots\" content=\"index, follow, max-snippet:-1, max-image-preview:large, max-video-preview:-1\" \/>\n<link rel=\"canonical\" href=\"https:\/\/www.agencetopo.qc.ca\/wp\/lancement-de-lapplication-vr-les-pieds-en-haut-15-avril\/\" \/>\n<meta property=\"og:locale\" content=\"en_US\" \/>\n<meta property=\"og:type\" content=\"article\" \/>\n<meta property=\"og:title\" content=\"TOPO &bull; Lancement de l&#039;application VR Les Pieds en Haut - 15 avril 2019\" \/>\n<meta property=\"og:description\" content=\"Sorry, this entry is only available in French. For the sake of viewer convenience, the content is shown below in the alternative language. You may click the link to switch the active language. LES PIEDS EN HAUT : VOIR LE MONDE AVEC LA SENSIBILIT\u00c9 D\u2019UN ENFANT AUTISTE Montr\u00e9al, le 15 avril 2019 &nbsp; &nbsp; Martine Lire la suiteRead more &raquo;\" \/>\n<meta property=\"og:url\" content=\"https:\/\/www.agencetopo.qc.ca\/wp\/lancement-de-lapplication-vr-les-pieds-en-haut-15-avril\/\" \/>\n<meta property=\"og:site_name\" content=\"TOPO\" \/>\n<meta property=\"article:publisher\" content=\"https:\/\/www.facebook.com\/topomtl\" \/>\n<meta property=\"article:published_time\" content=\"2019-04-16T21:15:57+00:00\" \/>\n<meta property=\"article:modified_time\" content=\"2020-01-13T17:06:56+00:00\" \/>\n<meta property=\"og:image\" content=\"https:\/\/www.agencetopo.qc.ca\/wp\/wp-content\/uploads\/2019\/04\/pieds_en_haut.jpg\" \/>\n\t<meta property=\"og:image:width\" content=\"960\" \/>\n\t<meta property=\"og:image:height\" content=\"540\" \/>\n<meta name=\"twitter:card\" content=\"summary\" \/>\n<meta name=\"twitter:creator\" content=\"@TOPO_mtl\" \/>\n<meta name=\"twitter:site\" content=\"@TOPO_mtl\" \/>\n<meta name=\"twitter:label1\" content=\"Est. reading time\" \/>\n\t<meta name=\"twitter:data1\" content=\"4 minutes\" \/>\n<!-- \/ Yoast SEO plugin. -->","_links":{"self":[{"href":"https:\/\/www.agencetopo.qc.ca\/wp\/en\/wp-json\/wp\/v2\/posts\/9926"}],"collection":[{"href":"https:\/\/www.agencetopo.qc.ca\/wp\/en\/wp-json\/wp\/v2\/posts"}],"about":[{"href":"https:\/\/www.agencetopo.qc.ca\/wp\/en\/wp-json\/wp\/v2\/types\/post"}],"author":[{"embeddable":true,"href":"https:\/\/www.agencetopo.qc.ca\/wp\/en\/wp-json\/wp\/v2\/users\/2"}],"replies":[{"embeddable":true,"href":"https:\/\/www.agencetopo.qc.ca\/wp\/en\/wp-json\/wp\/v2\/comments?post=9926"}],"version-history":[{"count":5,"href":"https:\/\/www.agencetopo.qc.ca\/wp\/en\/wp-json\/wp\/v2\/posts\/9926\/revisions"}],"predecessor-version":[{"id":10024,"href":"https:\/\/www.agencetopo.qc.ca\/wp\/en\/wp-json\/wp\/v2\/posts\/9926\/revisions\/10024"}],"wp:featuredmedia":[{"embeddable":true,"href":"https:\/\/www.agencetopo.qc.ca\/wp\/en\/wp-json\/wp\/v2\/media\/9927"}],"wp:attachment":[{"href":"https:\/\/www.agencetopo.qc.ca\/wp\/en\/wp-json\/wp\/v2\/media?parent=9926"}],"wp:term":[{"taxonomy":"category","embeddable":true,"href":"https:\/\/www.agencetopo.qc.ca\/wp\/en\/wp-json\/wp\/v2\/categories?post=9926"},{"taxonomy":"post_tag","embeddable":true,"href":"https:\/\/www.agencetopo.qc.ca\/wp\/en\/wp-json\/wp\/v2\/tags?post=9926"}],"curies":[{"name":"wp","href":"https:\/\/api.w.org\/{rel}","templated":true}]}}