{"id":13614,"date":"2022-06-23T16:00:36","date_gmt":"2022-06-23T20:00:36","guid":{"rendered":"https:\/\/www.agencetopo.qc.ca\/wp\/?p=13614"},"modified":"2022-08-31T16:17:23","modified_gmt":"2022-08-31T20:17:23","slug":"pause-estivale","status":"publish","type":"post","link":"https:\/\/www.agencetopo.qc.ca\/wp\/pause-estivale\/","title":{"rendered":"[:fr]Pause estivale[:en]Summer break[:]"},"content":{"rendered":"<p><\/p>\n<h1 id=\"h1-expo\" style=\"box-sizing: border-box; margin-bottom: 5px; font-size: 65px; font-family: oOptima; font-weight: normal; line-height: 1.1;\">Pause estivale<\/h1>\n<img class=\"center size-full wp-image-13609\" style=\"max-width: 950px; padding-bottom: 40px;\" src=\"https:\/\/www.agencetopo.qc.ca\/wp\/wp-content\/uploads\/2022\/06\/pause-estivale_3-1.jpg\" alt=\"\" \/>\n<p><strong>Nos locaux se vident et l&rsquo;\u00e9quipe de TOPO ralentit le rythme pour la saison estivale.<\/strong> Nous serons de retour d\u00e8s Ao\u00fbt avec de nouveaux projets \u00e0 vous faire d\u00e9couvrir. Le centre sera ferm\u00e9 du 27 juin au 8 Ao\u00fbt inclusivement.<\/p>\n<p>Avant de vous dire \u00e0 bient\u00f4t et de vous souhaiter de profiter de l&rsquo;\u00e9t\u00e9 comme il se doit, on vous propose un retour sur les r\u00e9alisations de l&rsquo;ann\u00e9e 2021-2022, ainsi qu&rsquo;un aper\u00e7u de ce qui est \u00e0 venir !<\/p>\n<p>&nbsp;<\/p>\n<h1>\u00c7a vient de sortir<\/h1>\n<h3><em>CYMX &#8211; <\/em>Isabelle Gagn\u00e9<\/h3>\n<p style=\"word-break: break-word;\">Une \u0153uvre web hyperm\u00e9diatique sur l\u2019a\u00e9roport de Mirabel :\u00a0En 1969, le gouvernement proc\u00e8de \u00e0 l\u2019expropriation de 97000 acres de terres agricoles et le d\u00e9placement de 10000 r\u00e9sident.e.s arrach\u00e9.e.s de leur maison pour sa construction.<\/p>\n<p style=\"word-break: break-word;\">Cinquante ans plus tard, l\u2019artiste Isabelle Gagn\u00e9 propose une (re)lecture \u00e0 partir d\u2019archives de ce qu\u2019il reste de la m\u00e9moire de ces lieux par le num\u00e9rique. Ce qu\u2019il subsiste aujourd\u2019hui des terres \u00e9vacu\u00e9es et de cet a\u00e9roport \u00abdu futur\u00bb maintenant d\u00e9di\u00e9 qu\u2019\u00e0 l\u2019aviation commerciale.<\/p>\n<h4 style=\"text-align: right; padding-left: 80px;\"><a href=\"http:\/\/cymx.ca\" target=\"_blank\" rel=\"noopener\">&gt;&gt; Voir l&rsquo;oeuvre web<\/a><\/h4>\n<h4 style=\"text-align: right; padding-left: 80px;\"><a href=\"https:\/\/www.agencetopo.qc.ca\/wp\/events\/event\/cymx-isabelle-gagne\/\" target=\"_blank\" rel=\"noopener\">D\u00e9couvrir \/ Re-d\u00e9couvrir ce projet<\/a><\/h4>\n<h3><em>FRONTI\u00c8RE | R\u00e9flexion artistique et th\u00e9orique &#8211; <\/em>TOPO<\/h3>\n<p style=\"word-break: break-word;\">En version courte sur papier et compl\u00e8te sur le web, la publication <em>FRONTI\u00c8RE<\/em> effectue un retour sur notre programmation th\u00e9matique homonyme qui a dur\u00e9 de 2019 \u00e0 2022. La navigation novatrice est pens\u00e9e comme une cartographie num\u00e9rique revenant sur les trois cycles th\u00e9matiques de la programmation et les 10 \u0153uvres qui les ont compos\u00e9s. Un contenu m\u00e9diatique vari\u00e9 \u00e0 d\u00e9couvrir avec des essais, des photos, vid\u00e9os et balados.<\/p>\n<h4 style=\"text-align: right; padding-left: 80px;\"><a href=\"https:\/\/topo.art\/frontiere\/\" target=\"_blank\" rel=\"noopener\">&gt;&gt; Voir la publication web<\/a><\/h4>\n<h4 style=\"text-align: right; padding-left: 80px;\"><a href=\"https:\/\/topo.art\/frontiere\/\" target=\"_blank\" rel=\"noopener\">Recevoir la publication papier<\/a><\/h4>\n<h1>Plus t\u00f4t cette ann\u00e9e<\/h1>\n<h3>L&rsquo;ILINU (Incubateur de litt\u00e9rature num\u00e9rique)<\/h3>\n<p style=\"word-break: break-word;\">Des ateliers virtuels de cocr\u00e9ation qui se sont d\u00e9roul\u00e9s entre avril et mai 2022 et r\u00e9unissaient dix artistes du Qu\u00e9bec et 10 du Mexique. L&rsquo;objectif \u00e9taient de d\u00e9velopper la pratique d\u2019\u00e9crivains, d\u2019artistes et de codeurs \u00e0 travers un programme d\u2019\u00e9change et d\u2019apprentissage en cr\u00e9ation num\u00e9rique.<\/p>\n<h4 style=\"text-align: right; padding-left: 80px;\"><a href=\"https:\/\/www.agencetopo.qc.ca\/wp\/events\/event\/ilinu\/\" target=\"_blank\" rel=\"noopener\">D\u00e9couvrir \/ Re-d\u00e9couvrir ce projet<\/a><\/h4>\n<h3>ART &amp; NFT | Virage ou mirage ?<\/h3>\n<p style=\"word-break: break-word;\">Une discussion ouverte qui a marqu\u00e9 la fin du bootcamp multiplateforme annuel et \u00e9tait ouverte \u00e0 tous via zoom. Nous avons r\u00e9fl\u00e9chi autour du nouveau Graal de l&rsquo;achat d&rsquo;\u0153uvres d&rsquo;art num\u00e9riques : les NFT (Non Fungible Token ou jetons non fongibles) avec les artistes Olivia McGilchrist et Johann Baron Lanteigne.<\/p>\n<h4 style=\"text-align: right; padding-left: 80px;\"><a href=\"https:\/\/www.youtube.com\/watch?v=A7ELHDxGTbc\" target=\"_blank\" rel=\"noopener\">&gt;&gt; Visionner la rencontre sur YouTube<\/a><\/h4>\n<h4 style=\"text-align: right; padding-left: 80px;\"><a href=\"https:\/\/www.agencetopo.qc.ca\/wp\/events\/event\/art-nft\/\" target=\"_blank\" rel=\"noopener\">D\u00e9couvrir \/ Re-d\u00e9couvrir ce projet<\/a><\/h4>\n<h3>Cycle de formations annuel<\/h3>\n<p>Une trentaine de participants ont b\u00e9n\u00e9fici\u00e9 de 3 formations soutenues par emploi qu\u00e9bec, entre novembre 2021 et mars 2022. Au programme : Un atelier photo avec Alain Lefort, un bootcamp multiplateforme\u00a0avec une dizaine d&rsquo;artistes et de sp\u00e9cialistes de la cr\u00e9ation num\u00e9rique et la cr\u00e9ation d&rsquo;un livre num\u00e9rique avec Antoine Fauchi\u00e9.<\/p>\n<h4 style=\"text-align: right; padding-left: 80px;\"><a href=\"http:\/\/www.agencetopo.qc.ca\/wp\/formations\/\" target=\"_blank\" rel=\"noopener\">D\u00e9couvrir \/ Re-d\u00e9couvrir ce projet<\/a><\/h4>\n<h3><span id=\"mce_84356b6f_fbd2-45d6-b485-a1fcf4f8ef22\" class=\"mce-content-body mce-edit-focus\"><em>Unstable Intermediated Forms<\/em>\u200b &#8211;<\/span><span id=\"mce_84356b6f_fbd2-45d6-b485-a1fcf4f8ef22\" class=\"mce-content-body mce-edit-focus\"> Rob Feulner &amp; Sam Meech<\/span><\/h3>\n<p style=\"word-break: break-word;\">En vitrine entre novembre et d\u00e9cembre 2021, cette installation \u00e9tait la seconde oeuvre de notre nouvelle programmation sur le th\u00e8me de la fluidit\u00e9. Une s\u00e9rie d&rsquo;\u0153uvres g\u00e9n\u00e9ratives de r\u00e9troaction vid\u00e9o (feedback) et de distorsion analogique \u00e9taient visible en vitrine ainsi qu&rsquo;en live sur youtube. L&rsquo;exposition, ainsi que l&rsquo;ann\u00e9e s&rsquo;est finie par un atelier de cr\u00e9ation vid\u00e9o avec les 2 artistes.<\/p>\n<h4 style=\"text-align: right; padding-left: 80px;\"><a href=\"https:\/\/www.agencetopo.qc.ca\/wp\/events\/event\/unstable-intermediated-forms\/\" target=\"_blank\" rel=\"noopener\">D\u00e9couvrir \/ Re-d\u00e9couvrir ce projet<\/a><\/h4>\n<h3><em>Fantasmagories de semences potag\u00e8res<\/em> &#8211; Fernande Forest<\/h3>\n<p>L&rsquo;\u0153uvre de l&rsquo;artiste rimouskoise, en vitrine du 8 septembre au 8 octobre 2021 a lanc\u00e9 notre th\u00e9matique fluidit\u00e9, avec une exploration audiovisuelle magnifi\u00e9e depuis la nature m\u00eame de trois semences : oignon, chou et salsifis.<\/p>\n<h4 style=\"text-align: right; padding-left: 80px;\"><a href=\"https:\/\/www.agencetopo.qc.ca\/wp\/events\/event\/fantasmagories-de-semences-potageres\/\" target=\"_blank\" rel=\"noopener\">D\u00e9couvrir \/ Re-d\u00e9couvrir ce projet<\/a><\/h4>\n<h3><em>De la fronti\u00e8re<\/em> &#8211; Michel Huneault<\/h3>\n<p style=\"word-break: break-word;\">Derni\u00e8re \u0153uvre de la programmation fronti\u00e8re, <em>De la fronti\u00e8re<\/em> est un essai documentaire al\u00e9atoire et infini, sous la forme d&rsquo;un site web. L&rsquo;\u0153uvre\u00a0documente et met en r\u00e9cit un segment de la fronti\u00e8re canado-am\u00e9ricaine.<\/p>\n<h4 style=\"text-align: right; padding-left: 80px;\"><a href=\"http:\/\/agencetopo.qc.ca\/delafrontiere\/\" target=\"_blank\" rel=\"noopener\">&gt;&gt; Voir l&rsquo;oeuvre web<\/a><\/h4>\n<h4 style=\"text-align: right; padding-left: 80px;\"><a href=\"https:\/\/www.agencetopo.qc.ca\/wp\/events\/event\/de-la-frontiere-de-michel-huneault\/\" target=\"_blank\" rel=\"noopener\">D\u00e9couvrir \/ Re-d\u00e9couvrir ce projet<\/a><\/h4>\n<p>&nbsp;<\/p>\n<h1>Prochainement<\/h1>\n<h3><em>Selfgen<\/em>\u00a0&#8211; Marion Schneider<\/h3>\n<p><a href=\"http:\/\/schneidermarion.net\" target=\"_blank\" rel=\"noopener\">Marion Schneider<\/a> (elle\/iel) explore l&rsquo;id\u00e9e d&rsquo;identit\u00e9 queer et de repr\u00e9sentation de soi par le biais de processus d&rsquo;intelligence artificielle et d&rsquo;apprentissage machine. En travaillant avec une base de donn\u00e9es constitu\u00e9e de plus de 500 selfies personnels accumul\u00e9s au cours de ces 5 derni\u00e8res ann\u00e9es sur son t\u00e9l\u00e9phone cellulaire, iel apprends \u00e0 un algorithme d&rsquo;intelligence artificielle (GAN) \u00e0 fabriquer de nouvelles images d&rsquo;elle. En jouant avec les param\u00e8tres de cet apprentissage et les donn\u00e9es fournies, iel cr\u00e9e des autoportraits vid\u00e9o en mouvement \u00e9voquant la fluidit\u00e9 et l&rsquo;impermanence.<\/p>\n<h4 style=\"text-align: right;\">En ligne dans le cadre du festival <a href=\"https:\/\/montreal.mutek.org\/fr\" target=\"_blank\" rel=\"noopener\">Mutek<\/a> \u00e0 partir du 9 ao\u00fbt<\/h4>\n<h3><em>L&rsquo;Arpenteur<\/em>\u00a0&#8211; Bleu Diode<\/h3>\n<p><a href=\"http:\/\/www.isabellegagne.ca\/\" target=\"_blank\" rel=\"noopener\">Isabelle Gagn\u00e9<\/a> et <a href=\"https:\/\/www.pixetoile.com\/\" target=\"_blank\" rel=\"noopener\">Sven<\/a> [Bleu diode] s&rsquo;inspirent des travaux de l&rsquo;artiste multidisciplinaire <a href=\"https:\/\/www.jeanyvesfrechette.com\/\" target=\"_blank\" rel=\"noopener\">Jean-Yves Fr\u00e9chette<\/a> depuis pr\u00e8s de 10 ans.<\/p>\n<p>\u00c0 partir des nombreuses archives r\u00e9colt\u00e9es ces derni\u00e8res ann\u00e9es, le duo, dont la d\u00e9marche repose sur le patrimoine et la m\u00e9moire, jette les bases de L&rsquo;arpenteur. Cette \u0153uvre hybride \u00e0 la fois web, installative et performative explore les travaux majeurs de Fr\u00e9chette r\u00e9alis\u00e9s depuis le d\u00e9but des ann\u00e9es &rsquo;80.<\/p>\n<h4 style=\"text-align: right; padding-left: 80px;\">En vitrine \u00e0 partir du 9 septembre<\/h4>\n<p>&nbsp;<\/p>\n<h1 style=\"text-align: center;\">\u00c0 Bient\u00f4t !<\/h1>\n<p><\/p>","protected":false},"excerpt":{"rendered":"<p>Pause estivale Nos locaux se vident et l&rsquo;\u00e9quipe de TOPO ralentit le rythme pour la saison estivale. Nous serons de retour d\u00e8s Ao\u00fbt avec de nouveaux projets \u00e0 vous faire d\u00e9couvrir. Le centre sera ferm\u00e9 du 27 juin au 8 Ao\u00fbt inclusivement. Avant de vous dire \u00e0 bient\u00f4t et de vous souhaiter de profiter de <a class=\"read-more\" href=\"https:\/\/www.agencetopo.qc.ca\/wp\/pause-estivale\/\">Lire la suite &raquo;<\/a><\/p>\n","protected":false},"author":2,"featured_media":13622,"comment_status":"closed","ping_status":"closed","sticky":false,"template":"","format":"standard","meta":{"ngg_post_thumbnail":0},"categories":[32],"tags":[],"yoast_head":"<!-- This site is optimized with the Yoast SEO plugin v16.5 - https:\/\/yoast.com\/wordpress\/plugins\/seo\/ -->\n<title>TOPO &bull; Pause estivale<\/title>\n<meta name=\"robots\" content=\"index, follow, max-snippet:-1, max-image-preview:large, max-video-preview:-1\" \/>\n<link rel=\"canonical\" href=\"https:\/\/www.agencetopo.qc.ca\/wp\/pause-estivale\/\" \/>\n<meta property=\"og:locale\" content=\"fr_FR\" \/>\n<meta property=\"og:type\" content=\"article\" \/>\n<meta property=\"og:title\" content=\"TOPO &bull; Pause estivale\" \/>\n<meta property=\"og:description\" content=\"Pause estivale Nos locaux se vident et l&rsquo;\u00e9quipe de TOPO ralentit le rythme pour la saison estivale. Nous serons de retour d\u00e8s Ao\u00fbt avec de nouveaux projets \u00e0 vous faire d\u00e9couvrir. Le centre sera ferm\u00e9 du 27 juin au 8 Ao\u00fbt inclusivement. Avant de vous dire \u00e0 bient\u00f4t et de vous souhaiter de profiter de Lire la suiteRead more &raquo;\" \/>\n<meta property=\"og:url\" content=\"https:\/\/www.agencetopo.qc.ca\/wp\/pause-estivale\/\" \/>\n<meta property=\"og:site_name\" content=\"TOPO\" \/>\n<meta property=\"article:publisher\" content=\"https:\/\/www.facebook.com\/topomtl\" \/>\n<meta property=\"article:published_time\" content=\"2022-06-23T20:00:36+00:00\" \/>\n<meta property=\"article:modified_time\" content=\"2022-08-31T20:17:23+00:00\" \/>\n<meta property=\"og:image\" content=\"https:\/\/www.agencetopo.qc.ca\/wp\/wp-content\/uploads\/2022\/06\/pause-estivale_3-2.jpg\" \/>\n\t<meta property=\"og:image:width\" content=\"1500\" \/>\n\t<meta property=\"og:image:height\" content=\"1000\" \/>\n<meta name=\"twitter:card\" content=\"summary\" \/>\n<meta name=\"twitter:creator\" content=\"@TOPO_mtl\" \/>\n<meta name=\"twitter:site\" content=\"@TOPO_mtl\" \/>\n<meta name=\"twitter:label1\" content=\"Dur\u00e9e de lecture est.\" \/>\n\t<meta name=\"twitter:data1\" content=\"4 minutes\" \/>\n<!-- \/ Yoast SEO plugin. -->","_links":{"self":[{"href":"https:\/\/www.agencetopo.qc.ca\/wp\/wp-json\/wp\/v2\/posts\/13614"}],"collection":[{"href":"https:\/\/www.agencetopo.qc.ca\/wp\/wp-json\/wp\/v2\/posts"}],"about":[{"href":"https:\/\/www.agencetopo.qc.ca\/wp\/wp-json\/wp\/v2\/types\/post"}],"author":[{"embeddable":true,"href":"https:\/\/www.agencetopo.qc.ca\/wp\/wp-json\/wp\/v2\/users\/2"}],"replies":[{"embeddable":true,"href":"https:\/\/www.agencetopo.qc.ca\/wp\/wp-json\/wp\/v2\/comments?post=13614"}],"version-history":[{"count":7,"href":"https:\/\/www.agencetopo.qc.ca\/wp\/wp-json\/wp\/v2\/posts\/13614\/revisions"}],"predecessor-version":[{"id":13630,"href":"https:\/\/www.agencetopo.qc.ca\/wp\/wp-json\/wp\/v2\/posts\/13614\/revisions\/13630"}],"wp:featuredmedia":[{"embeddable":true,"href":"https:\/\/www.agencetopo.qc.ca\/wp\/wp-json\/wp\/v2\/media\/13622"}],"wp:attachment":[{"href":"https:\/\/www.agencetopo.qc.ca\/wp\/wp-json\/wp\/v2\/media?parent=13614"}],"wp:term":[{"taxonomy":"category","embeddable":true,"href":"https:\/\/www.agencetopo.qc.ca\/wp\/wp-json\/wp\/v2\/categories?post=13614"},{"taxonomy":"post_tag","embeddable":true,"href":"https:\/\/www.agencetopo.qc.ca\/wp\/wp-json\/wp\/v2\/tags?post=13614"}],"curies":[{"name":"wp","href":"https:\/\/api.w.org\/{rel}","templated":true}]}}