{"id":9768,"date":"2019-04-08T10:31:03","date_gmt":"2019-04-08T14:31:03","guid":{"rendered":"http:\/\/www.agencetopo.qc.ca\/wp\/?p=9768"},"modified":"2023-11-29T14:20:19","modified_gmt":"2023-11-29T19:20:19","slug":"carnets-de-captures","status":"publish","type":"post","link":"https:\/\/www.agencetopo.qc.ca\/wp\/carnets-de-captures\/","title":{"rendered":"Carnets de captures"},"content":{"rendered":"<p><img loading=\"lazy\" class=\"aligncenter wp-image-8428 size-full\" src=\"http:\/\/www.agencetopo.qc.ca\/wp\/wp-content\/uploads\/2017\/11\/low_mcduff_carnetcaptures_20x137pouces-e1554733451884.jpg\" alt=\"\" width=\"568\" height=\"392\" srcset=\"https:\/\/www.agencetopo.qc.ca\/wp\/wp-content\/uploads\/2017\/11\/low_mcduff_carnetcaptures_20x137pouces-e1554733451884.jpg 568w, https:\/\/www.agencetopo.qc.ca\/wp\/wp-content\/uploads\/2017\/11\/low_mcduff_carnetcaptures_20x137pouces-e1554733451884-300x207.jpg 300w, https:\/\/www.agencetopo.qc.ca\/wp\/wp-content\/uploads\/2017\/11\/low_mcduff_carnetcaptures_20x137pouces-e1554733451884-217x150.jpg 217w\" sizes=\"(max-width: 568px) 100vw, 568px\" \/><\/p>\n<h4>\u00c0 propos de l&rsquo;artiste&#8230;<\/h4>\n<p style=\"text-align: justify;\">Audrey-Maude McDuff\u00a0vit et travaille \u00e0 Montr\u00e9al. Elle a obtenu en 2014 une maitrise en arts visuels de l\u2019Universit\u00e9 Concordia. L\u2019artiste a particip\u00e9 \u00e0 plusieurs expositions solos et collectives, notamment \u00e0 la galerie Art M\u00fbr, \u00e0 la SAT et \u00e0 plusieurs \u00e9ditions de la Nuit Blanche \u00e0 Montr\u00e9al. Son travail a \u00e9galement \u00e9t\u00e9 expos\u00e9 aux \u00c9tats-Unis, en Italie et en Belgique.<\/p>\n<p style=\"text-align: justify;\">L&rsquo;artiste\u00a0porte une r\u00e9flexion sur la repr\u00e9sentation en vid\u00e9o et sur l\u2019insuffisance de l\u2019image enregistr\u00e9e comme substitut de la m\u00e9moire. Sa pratique se d\u00e9finit par le croisement de plusieurs m\u00e9diums, prenant souvent la forme de l\u2019installation vid\u00e9ographique. Sa pratique tente de saisir la trace mais le geste de \u00ab capture \u00bb se r\u00e9v\u00e8le impossible; l\u2019instant disparaissant aussit\u00f4t que surgit le d\u00e9sir de s\u2019en emparer. Ses \u0153uvres \u00e9voquent l\u2019impermanence et l\u2019intangibilit\u00e9 de l\u2019image en mouvement dans le temps; l\u2019impossibilit\u00e9 de la cam\u00e9ra vid\u00e9o \u00e0 conserver r\u00e9ellement les \u00e9v\u00e8nements du pass\u00e9.<\/p>\n<p>&nbsp;<\/p>\n<h4>\u00c0 propos de l&rsquo;oeuvre&#8230;<\/h4>\n<p style=\"text-align: justify;\"><em>Carnets de capture<\/em>\u00a0est une installation vid\u00e9o dans laquelle le carnet, l\u2019atelier et le d\u00e9ploiement de la pens\u00e9e sont au c\u0153ur des pr\u00e9occupations. Entre dessin, vid\u00e9o et gestes performatifs, cette \u0153uvre interroge le lien \u00e9troit entre une pens\u00e9e et son support. L\u2019oeuvre porte une r\u00e9flexion sur les conditions de surgissement d\u2019une image ou d\u2019une id\u00e9e. Elle pr\u00e9sente une tentative de \u00abcapturer\u00bb une pens\u00e9e fugitive. Cette volont\u00e9 de vouloir \u00ab saisir \u00bb est r\u00e9solument un \u00e9chec. Suite \u00e0 la multitude d\u2019id\u00e9es qui nous passent par la t\u00eate, \u00a0les images se forment, se transforment, mais ne restent pas.<\/p>\n<p>&nbsp;<\/p>\n<p style=\"text-align: justify;\"><strong>\u2022\u00a0<\/strong><strong>Impression au jet d&rsquo;encre, papier archive sans acide Fuji Premium Matte 230 g.\u00a0Format: 16&#215;20 po. \/ 40&#215;50 cm. Non encadr\u00e9e.<\/strong><br \/>\n<strong>\u2022 Prix forfaitaire de 150 $ CAN. Disponible au bureau de TOPO sans autre frais. En cas d&rsquo;exp\u00e9dition, des frais d&rsquo;envoi et d&#8217;emballage s&rsquo;appliqueront.<\/strong><\/p>\n<p><\/p>","protected":false},"excerpt":{"rendered":"<p>\u00c0 propos de l&rsquo;artiste&#8230; Audrey-Maude McDuff\u00a0vit et travaille \u00e0 Montr\u00e9al. Elle a obtenu en 2014 une maitrise en arts visuels de l\u2019Universit\u00e9 Concordia. L\u2019artiste a particip\u00e9 \u00e0 plusieurs expositions solos et collectives, notamment \u00e0 la galerie Art M\u00fbr, \u00e0 la SAT et \u00e0 plusieurs \u00e9ditions de la Nuit Blanche \u00e0 Montr\u00e9al. Son travail a \u00e9galement <a class=\"read-more\" href=\"https:\/\/www.agencetopo.qc.ca\/wp\/carnets-de-captures\/\">Lire la suite &raquo;<\/a><\/p>\n","protected":false},"author":2,"featured_media":8428,"comment_status":"closed","ping_status":"closed","sticky":false,"template":"","format":"standard","meta":{"ngg_post_thumbnail":0},"categories":[125],"tags":[],"yoast_head":"<!-- This site is optimized with the Yoast SEO plugin v16.5 - https:\/\/yoast.com\/wordpress\/plugins\/seo\/ -->\n<title>TOPO &bull; Carnets de captures<\/title>\n<meta name=\"robots\" content=\"index, follow, max-snippet:-1, max-image-preview:large, max-video-preview:-1\" \/>\n<link rel=\"canonical\" href=\"https:\/\/www.agencetopo.qc.ca\/wp\/en\/carnets-de-captures\/\" \/>\n<meta property=\"og:locale\" content=\"fr_FR\" \/>\n<meta property=\"og:type\" content=\"article\" \/>\n<meta property=\"og:title\" content=\"TOPO &bull; Carnets de captures\" \/>\n<meta property=\"og:description\" content=\"\u00c0 propos de l&rsquo;artiste&#8230; Audrey-Maude McDuff\u00a0vit et travaille \u00e0 Montr\u00e9al. Elle a obtenu en 2014 une maitrise en arts visuels de l\u2019Universit\u00e9 Concordia. L\u2019artiste a particip\u00e9 \u00e0 plusieurs expositions solos et collectives, notamment \u00e0 la galerie Art M\u00fbr, \u00e0 la SAT et \u00e0 plusieurs \u00e9ditions de la Nuit Blanche \u00e0 Montr\u00e9al. Son travail a \u00e9galement Lire la suiteRead more &raquo;\" \/>\n<meta property=\"og:url\" content=\"https:\/\/www.agencetopo.qc.ca\/wp\/en\/carnets-de-captures\/\" \/>\n<meta property=\"og:site_name\" content=\"TOPO\" \/>\n<meta property=\"article:publisher\" content=\"https:\/\/www.facebook.com\/topomtl\" \/>\n<meta property=\"article:published_time\" content=\"2019-04-08T14:31:03+00:00\" \/>\n<meta property=\"article:modified_time\" content=\"2023-11-29T19:20:19+00:00\" \/>\n<meta property=\"og:image\" content=\"https:\/\/www.agencetopo.qc.ca\/wp\/wp-content\/uploads\/2017\/11\/low_mcduff_carnetcaptures_20x137pouces-e1554733451884.jpg\" \/>\n\t<meta property=\"og:image:width\" content=\"568\" \/>\n\t<meta property=\"og:image:height\" content=\"392\" \/>\n<meta name=\"twitter:card\" content=\"summary\" \/>\n<meta name=\"twitter:creator\" content=\"@TOPO_mtl\" \/>\n<meta name=\"twitter:site\" content=\"@TOPO_mtl\" \/>\n<meta name=\"twitter:label1\" content=\"Dur\u00e9e de lecture est.\" \/>\n\t<meta name=\"twitter:data1\" content=\"2 minutes\" \/>\n<!-- \/ Yoast SEO plugin. -->","_links":{"self":[{"href":"https:\/\/www.agencetopo.qc.ca\/wp\/wp-json\/wp\/v2\/posts\/9768"}],"collection":[{"href":"https:\/\/www.agencetopo.qc.ca\/wp\/wp-json\/wp\/v2\/posts"}],"about":[{"href":"https:\/\/www.agencetopo.qc.ca\/wp\/wp-json\/wp\/v2\/types\/post"}],"author":[{"embeddable":true,"href":"https:\/\/www.agencetopo.qc.ca\/wp\/wp-json\/wp\/v2\/users\/2"}],"replies":[{"embeddable":true,"href":"https:\/\/www.agencetopo.qc.ca\/wp\/wp-json\/wp\/v2\/comments?post=9768"}],"version-history":[{"count":4,"href":"https:\/\/www.agencetopo.qc.ca\/wp\/wp-json\/wp\/v2\/posts\/9768\/revisions"}],"predecessor-version":[{"id":14498,"href":"https:\/\/www.agencetopo.qc.ca\/wp\/wp-json\/wp\/v2\/posts\/9768\/revisions\/14498"}],"wp:featuredmedia":[{"embeddable":true,"href":"https:\/\/www.agencetopo.qc.ca\/wp\/wp-json\/wp\/v2\/media\/8428"}],"wp:attachment":[{"href":"https:\/\/www.agencetopo.qc.ca\/wp\/wp-json\/wp\/v2\/media?parent=9768"}],"wp:term":[{"taxonomy":"category","embeddable":true,"href":"https:\/\/www.agencetopo.qc.ca\/wp\/wp-json\/wp\/v2\/categories?post=9768"},{"taxonomy":"post_tag","embeddable":true,"href":"https:\/\/www.agencetopo.qc.ca\/wp\/wp-json\/wp\/v2\/tags?post=9768"}],"curies":[{"name":"wp","href":"https:\/\/api.w.org\/{rel}","templated":true}]}}